{"id":896,"date":"2010-10-17T10:48:43","date_gmt":"2010-10-17T09:48:43","guid":{"rendered":"http:\/\/michelboetsch.com\/boetsch\/?p=896"},"modified":"2017-09-12T16:21:58","modified_gmt":"2017-09-12T15:21:58","slug":"oishommes-contenair-visarte-delemont","status":"publish","type":"post","link":"https:\/\/michelboetsch.com\/boetsch\/oishommes-contenair-visarte-delemont\/","title":{"rendered":"OISHOMMES  expositions auxquelles j&rsquo;ai particip\u00e9"},"content":{"rendered":"<p><a href=\"http:\/\/michelboetsch.com\/boetsch\/wp-content\/uploads\/2010\/10\/175_7548-e1505226804662.jpg\"><img loading=\"lazy\" class=\"alignnone size-thumbnail wp-image-2277\" src=\"http:\/\/michelboetsch.com\/boetsch\/wp-content\/uploads\/2010\/10\/175_7548-200x200.jpg\" alt=\"\" width=\"200\" height=\"200\" \/><\/a> <a href=\"http:\/\/michelboetsch.com\/boetsch\/wp-content\/uploads\/2010\/10\/175_7511-e1505226863589.jpg\"><img loading=\"lazy\" class=\"alignnone size-thumbnail wp-image-2278\" src=\"http:\/\/michelboetsch.com\/boetsch\/wp-content\/uploads\/2010\/10\/175_7511-200x200.jpg\" alt=\"\" width=\"200\" height=\"200\" \/><\/a> <a href=\"http:\/\/michelboetsch.com\/boetsch\/wp-content\/uploads\/2010\/10\/173_7386-e1505226938348.jpg\"><img loading=\"lazy\" class=\"alignnone size-thumbnail wp-image-2279\" src=\"http:\/\/michelboetsch.com\/boetsch\/wp-content\/uploads\/2010\/10\/173_7386-200x200.jpg\" alt=\"\" width=\"200\" height=\"200\" \/><\/a> <a href=\"http:\/\/michelboetsch.com\/boetsch\/wp-content\/uploads\/2010\/10\/166_6606-e1505227070187.jpg\"><img loading=\"lazy\" class=\"alignnone size-thumbnail wp-image-2280\" src=\"http:\/\/michelboetsch.com\/boetsch\/wp-content\/uploads\/2010\/10\/166_6606-200x200.jpg\" alt=\"\" width=\"200\" height=\"200\" \/><\/a><\/p>\n<p>CHAMAGNE 2006 invit\u00e9 \u00e0 exposer dans la maison natale de Claude Gell\u00e9e dit\u00a0 \u00ab\u00a0LE LORRAIN\u00a0\u00bb<\/p>\n<p><a href=\"http:\/\/michelboetsch.com\/boetsch\/wp-content\/uploads\/2010\/10\/Sans-titre-1-e1505227298344.jpg\"><img loading=\"lazy\" class=\"alignnone size-thumbnail wp-image-2281\" src=\"http:\/\/michelboetsch.com\/boetsch\/wp-content\/uploads\/2010\/10\/Sans-titre-1-200x200.jpg\" alt=\"\" width=\"200\" height=\"200\" \/><\/a> <a href=\"http:\/\/michelboetsch.com\/boetsch\/wp-content\/uploads\/2010\/10\/IMG_2241-e1505227350723.jpg\"><img loading=\"lazy\" class=\"alignnone size-thumbnail wp-image-2282\" src=\"http:\/\/michelboetsch.com\/boetsch\/wp-content\/uploads\/2010\/10\/IMG_2241-200x200.jpg\" alt=\"\" width=\"200\" height=\"200\" \/><\/a> <a href=\"http:\/\/michelboetsch.com\/boetsch\/wp-content\/uploads\/2010\/10\/IMG_2242-e1505227388969.jpg\"><img loading=\"lazy\" class=\"alignnone size-thumbnail wp-image-2283\" src=\"http:\/\/michelboetsch.com\/boetsch\/wp-content\/uploads\/2010\/10\/IMG_2242-200x200.jpg\" alt=\"\" width=\"200\" height=\"200\" \/><\/a> <a href=\"http:\/\/michelboetsch.com\/boetsch\/wp-content\/uploads\/2010\/10\/IMG_2299-e1505227421697.jpg\"><img loading=\"lazy\" class=\"alignnone size-thumbnail wp-image-2284\" src=\"http:\/\/michelboetsch.com\/boetsch\/wp-content\/uploads\/2010\/10\/IMG_2299-200x200.jpg\" alt=\"\" width=\"200\" height=\"200\" \/><\/a><\/p>\n<p>BUCHET 2009 ALLEMAGNE \u00ab\u00a0LE SENTIER DE SCULPTURES\u00a0\u00bb<\/p>\n<p><a href=\"http:\/\/michelboetsch.com\/boetsch\/wp-content\/uploads\/2010\/10\/invitation-copie-e1505227644566.jpg\"><img loading=\"lazy\" class=\"alignnone size-thumbnail wp-image-2285\" src=\"http:\/\/michelboetsch.com\/boetsch\/wp-content\/uploads\/2010\/10\/invitation-copie-200x200.jpg\" alt=\"\" width=\"200\" height=\"200\" \/><\/a> <a href=\"http:\/\/michelboetsch.com\/boetsch\/wp-content\/uploads\/2010\/10\/IMG_1717-e1505227712384.jpg\"><img loading=\"lazy\" class=\"alignnone size-thumbnail wp-image-2286\" src=\"http:\/\/michelboetsch.com\/boetsch\/wp-content\/uploads\/2010\/10\/IMG_1717-200x200.jpg\" alt=\"\" width=\"200\" height=\"200\" \/><\/a> <a href=\"http:\/\/michelboetsch.com\/boetsch\/wp-content\/uploads\/2010\/10\/arosa-10-8-2010-005-e1505227770166.jpg\"><img loading=\"lazy\" class=\"alignnone size-thumbnail wp-image-2287\" src=\"http:\/\/michelboetsch.com\/boetsch\/wp-content\/uploads\/2010\/10\/arosa-10-8-2010-005-200x200.jpg\" alt=\"\" width=\"200\" height=\"200\" \/><\/a><a href=\"http:\/\/michelboetsch.com\/boetsch\/wp-content\/uploads\/2010\/10\/arosa-10-8-2010-004-1-e1505227821254.jpg\"><img loading=\"lazy\" class=\"alignnone size-thumbnail wp-image-2288\" src=\"http:\/\/michelboetsch.com\/boetsch\/wp-content\/uploads\/2010\/10\/arosa-10-8-2010-004-1-200x200.jpg\" alt=\"\" width=\"200\" height=\"200\" \/><\/a><\/p>\n<p>AROSA 2008 SUISSE exposition \u00ab\u00a0ar T osa\u00a0\u00bb<\/p>\n<p><a href=\"http:\/\/michelboetsch.com\/boetsch\/wp-content\/uploads\/2010\/10\/installationen-am-bach-e1505228263519.jpg\"><img loading=\"lazy\" class=\"alignnone size-thumbnail wp-image-2290\" src=\"http:\/\/michelboetsch.com\/boetsch\/wp-content\/uploads\/2010\/10\/installationen-am-bach-200x200.jpg\" alt=\"\" width=\"200\" height=\"200\" \/><\/a> <a href=\"http:\/\/michelboetsch.com\/boetsch\/wp-content\/uploads\/2010\/10\/2-Schram.jpg\"><img loading=\"lazy\" class=\"alignnone size-thumbnail wp-image-2291\" src=\"http:\/\/michelboetsch.com\/boetsch\/wp-content\/uploads\/2010\/10\/2-Schram-200x200.jpg\" alt=\"\" width=\"200\" height=\"200\" srcset=\"https:\/\/michelboetsch.com\/boetsch\/wp-content\/uploads\/2010\/10\/2-Schram-200x200.jpg 200w, https:\/\/michelboetsch.com\/boetsch\/wp-content\/uploads\/2010\/10\/2-Schram-160x160.jpg 160w, https:\/\/michelboetsch.com\/boetsch\/wp-content\/uploads\/2010\/10\/2-Schram-320x320.jpg 320w\" sizes=\"(max-width: 200px) 100vw, 200px\" \/><\/a> <a href=\"http:\/\/michelboetsch.com\/boetsch\/wp-content\/uploads\/2010\/10\/installation-schramberg.jpg\"><img loading=\"lazy\" class=\"alignnone size-thumbnail wp-image-2292\" src=\"http:\/\/michelboetsch.com\/boetsch\/wp-content\/uploads\/2010\/10\/installation-schramberg-200x200.jpg\" alt=\"\" width=\"200\" height=\"200\" srcset=\"https:\/\/michelboetsch.com\/boetsch\/wp-content\/uploads\/2010\/10\/installation-schramberg-200x200.jpg 200w, https:\/\/michelboetsch.com\/boetsch\/wp-content\/uploads\/2010\/10\/installation-schramberg-160x160.jpg 160w, https:\/\/michelboetsch.com\/boetsch\/wp-content\/uploads\/2010\/10\/installation-schramberg-320x320.jpg 320w\" sizes=\"(max-width: 200px) 100vw, 200px\" \/><\/a> <a href=\"http:\/\/michelboetsch.com\/boetsch\/wp-content\/uploads\/2010\/10\/rouge-schramberg-e1505228360959.jpg\"><img loading=\"lazy\" class=\"alignnone size-thumbnail wp-image-2293\" src=\"http:\/\/michelboetsch.com\/boetsch\/wp-content\/uploads\/2010\/10\/rouge-schramberg-200x200.jpg\" alt=\"\" width=\"200\" height=\"200\" \/><\/a><\/p>\n<p>SCHRAMBERG 2008 Installation sur la berges, au-dessus, et dans la rivi\u00e8re&#8230;<\/p>\n<p><a href=\"http:\/\/michelboetsch.com\/boetsch\/wp-content\/uploads\/2010\/10\/inatt2010-1.jpg\"><img loading=\"lazy\" class=\"alignnone size-thumbnail wp-image-2294\" src=\"http:\/\/michelboetsch.com\/boetsch\/wp-content\/uploads\/2010\/10\/inatt2010-1-200x200.jpg\" alt=\"\" width=\"200\" height=\"200\" srcset=\"https:\/\/michelboetsch.com\/boetsch\/wp-content\/uploads\/2010\/10\/inatt2010-1-200x200.jpg 200w, https:\/\/michelboetsch.com\/boetsch\/wp-content\/uploads\/2010\/10\/inatt2010-1-160x160.jpg 160w, https:\/\/michelboetsch.com\/boetsch\/wp-content\/uploads\/2010\/10\/inatt2010-1-320x320.jpg 320w\" sizes=\"(max-width: 200px) 100vw, 200px\" \/> <\/a><a href=\"http:\/\/michelboetsch.com\/boetsch\/wp-content\/uploads\/2010\/10\/sainte-savine-034-e1505228609831.jpg\"><img loading=\"lazy\" class=\"alignnone size-thumbnail wp-image-2295\" src=\"http:\/\/michelboetsch.com\/boetsch\/wp-content\/uploads\/2010\/10\/sainte-savine-034-200x200.jpg\" alt=\"\" width=\"200\" height=\"200\" \/><\/a><a href=\"http:\/\/michelboetsch.com\/boetsch\/wp-content\/uploads\/2010\/10\/savine-chateauneuf-012-e1505228666496.jpg\"><img loading=\"lazy\" class=\"alignnone size-thumbnail wp-image-2296\" src=\"http:\/\/michelboetsch.com\/boetsch\/wp-content\/uploads\/2010\/10\/savine-chateauneuf-012-200x200.jpg\" alt=\"\" width=\"200\" height=\"200\" \/><\/a><a href=\"http:\/\/michelboetsch.com\/boetsch\/wp-content\/uploads\/2010\/10\/savine-chateauneuf-027-e1505228718918.jpg\"><img loading=\"lazy\" class=\"alignnone size-thumbnail wp-image-2297\" src=\"http:\/\/michelboetsch.com\/boetsch\/wp-content\/uploads\/2010\/10\/savine-chateauneuf-027-200x200.jpg\" alt=\"\" width=\"200\" height=\"200\" \/><\/a><\/p>\n<p>SAINTE SAVINE 2010 \u00a0\u00bb LES INATTENDUS\u00a0\u00bb histoires de fils , installations de \u00ab\u00a0Pendus\u00a0\u00bb<\/p>\n<p><a href=\"http:\/\/michelboetsch.com\/boetsch\/wp-content\/uploads\/2010\/10\/visarte.jpg\"><img loading=\"lazy\" class=\"alignnone size-thumbnail wp-image-2299\" src=\"http:\/\/michelboetsch.com\/boetsch\/wp-content\/uploads\/2010\/10\/visarte-200x200.jpg\" alt=\"\" width=\"200\" height=\"200\" srcset=\"https:\/\/michelboetsch.com\/boetsch\/wp-content\/uploads\/2010\/10\/visarte-200x200.jpg 200w, https:\/\/michelboetsch.com\/boetsch\/wp-content\/uploads\/2010\/10\/visarte-160x160.jpg 160w, https:\/\/michelboetsch.com\/boetsch\/wp-content\/uploads\/2010\/10\/visarte-320x320.jpg 320w\" sizes=\"(max-width: 200px) 100vw, 200px\" \/><\/a> <a href=\"http:\/\/michelboetsch.com\/boetsch\/wp-content\/uploads\/2010\/10\/contenair1.jpg\"><img loading=\"lazy\" class=\"alignnone wp-image-1042\" src=\"http:\/\/michelboetsch.com\/boetsch\/wp-content\/uploads\/2010\/10\/contenair1-120x120.jpg\" alt=\"\" width=\"198\" height=\"198\" srcset=\"https:\/\/michelboetsch.com\/boetsch\/wp-content\/uploads\/2010\/10\/contenair1-120x120.jpg 120w, https:\/\/michelboetsch.com\/boetsch\/wp-content\/uploads\/2010\/10\/contenair1-160x160.jpg 160w, https:\/\/michelboetsch.com\/boetsch\/wp-content\/uploads\/2010\/10\/contenair1-200x200.jpg 200w, https:\/\/michelboetsch.com\/boetsch\/wp-content\/uploads\/2010\/10\/contenair1.jpg 320w\" sizes=\"(max-width: 198px) 100vw, 198px\" \/><\/a><\/p>\n<p>DELEMONT 2011 SUISSE\u00a0 Exposition \u00a0\u00bb Contenairs\u00a0\u00bb\u00a0 Visarte<\/p>\n<p>&nbsp;<\/p>\n","protected":false},"excerpt":{"rendered":"<p>CHAMAGNE 2006 invit\u00e9 \u00e0 exposer dans la maison natale de Claude Gell\u00e9e dit\u00a0 \u00ab\u00a0LE LORRAIN\u00a0\u00bb BUCHET 2009 ALLEMAGNE \u00ab\u00a0LE SENTIER DE SCULPTURES\u00a0\u00bb AROSA 2008 SUISSE exposition \u00ab\u00a0ar T osa\u00a0\u00bb SCHRAMBERG 2008 Installation sur la berges, au-dessus, et dans la rivi\u00e8re&#8230; SAINTE SAVINE 2010 \u00a0\u00bb LES INATTENDUS\u00a0\u00bb histoires de fils , installations de \u00ab\u00a0Pendus\u00a0\u00bb DELEMONT 2011 [&hellip;]<\/p>\n","protected":false},"author":2,"featured_media":1042,"comment_status":"open","ping_status":"open","sticky":false,"template":"","format":"standard","meta":[],"categories":[6],"tags":[179,197,201,202,200,32,199,198,55],"_links":{"self":[{"href":"https:\/\/michelboetsch.com\/boetsch\/wp-json\/wp\/v2\/posts\/896"}],"collection":[{"href":"https:\/\/michelboetsch.com\/boetsch\/wp-json\/wp\/v2\/posts"}],"about":[{"href":"https:\/\/michelboetsch.com\/boetsch\/wp-json\/wp\/v2\/types\/post"}],"author":[{"embeddable":true,"href":"https:\/\/michelboetsch.com\/boetsch\/wp-json\/wp\/v2\/users\/2"}],"replies":[{"embeddable":true,"href":"https:\/\/michelboetsch.com\/boetsch\/wp-json\/wp\/v2\/comments?post=896"}],"version-history":[{"count":22,"href":"https:\/\/michelboetsch.com\/boetsch\/wp-json\/wp\/v2\/posts\/896\/revisions"}],"predecessor-version":[{"id":2300,"href":"https:\/\/michelboetsch.com\/boetsch\/wp-json\/wp\/v2\/posts\/896\/revisions\/2300"}],"wp:featuredmedia":[{"embeddable":true,"href":"https:\/\/michelboetsch.com\/boetsch\/wp-json\/wp\/v2\/media\/1042"}],"wp:attachment":[{"href":"https:\/\/michelboetsch.com\/boetsch\/wp-json\/wp\/v2\/media?parent=896"}],"wp:term":[{"taxonomy":"category","embeddable":true,"href":"https:\/\/michelboetsch.com\/boetsch\/wp-json\/wp\/v2\/categories?post=896"},{"taxonomy":"post_tag","embeddable":true,"href":"https:\/\/michelboetsch.com\/boetsch\/wp-json\/wp\/v2\/tags?post=896"}],"curies":[{"name":"wp","href":"https:\/\/api.w.org\/{rel}","templated":true}]}}